{"id":2305,"date":"2024-06-12T11:07:37","date_gmt":"2024-06-12T09:07:37","guid":{"rendered":"https:\/\/www.escuderiachantada.com\/?p=2305"},"modified":"2024-07-11T18:13:57","modified_gmt":"2024-07-11T16:13:57","slug":"inscripcion-50-subida-a-chantada","status":"publish","type":"post","link":"https:\/\/www.escuderiachantada.com\/?p=2305","title":{"rendered":"Inscripci\u00f3n 50 Subida a Chantada &#8211; 2024"},"content":{"rendered":"\t\t<div data-elementor-type=\"wp-post\" data-elementor-id=\"2305\" class=\"elementor elementor-2305\">\n\t\t\t\t\t\t<section class=\"elementor-section elementor-top-section elementor-element elementor-element-deba0e6 elementor-section-boxed elementor-section-height-default elementor-section-height-default\" data-id=\"deba0e6\" data-element_type=\"section\" data-e-type=\"section\">\n\t\t\t\t\t\t<div class=\"elementor-container elementor-column-gap-default\">\n\t\t\t\t\t<div class=\"elementor-column elementor-col-100 elementor-top-column elementor-element elementor-element-469f938\" data-id=\"469f938\" data-element_type=\"column\" data-e-type=\"column\">\n\t\t\t<div class=\"elementor-widget-wrap elementor-element-populated\">\n\t\t\t\t\t\t<div class=\"elementor-element elementor-element-c35003e elementor-widget elementor-widget-text-editor\" data-id=\"c35003e\" data-element_type=\"widget\" data-e-type=\"widget\" data-widget_type=\"text-editor.default\">\n\t\t\t\t<div class=\"elementor-widget-container\">\n\t\t\t\t\t\t\t\t\t<h2>INSCRIPCION<br \/>50\u00ba SUBIDA A CHANTADA &#8211;<br \/><strong>26, 27 Y 28 DE JULIO DE 2024<\/strong><\/h2><h2><strong><em>1\u00ba CIERRE DE INSCRIPCIONES: <span style=\"text-decoration: underline; color: #ff0000;\">VIERNES, 12 de JULIO del 2024.<\/span><\/em><\/strong><\/h2>\t\t\t\t\t\t\t\t<\/div>\n\t\t\t\t<\/div>\n\t\t\t\t<div class=\"elementor-element elementor-element-30f37dd elementor-widget elementor-widget-text-editor\" data-id=\"30f37dd\" data-element_type=\"widget\" data-e-type=\"widget\" data-widget_type=\"text-editor.default\">\n\t\t\t\t<div class=\"elementor-widget-container\">\n\t\t\t\t\t\t\t\t\t<p style=\"text-align: left;\"><strong>Los derechos de inscripci\u00f3n se fijan en:<\/strong><\/p><p style=\"text-align: left;\"><strong>300 \u20ac &#8211; Primera fecha de cierre de inscripciones <\/strong><br \/><strong>600 \u20ac &#8211; Los derechos ser\u00e1n dobles, si no acepta la publicidad.<\/strong><\/p>\t\t\t\t\t\t\t\t<\/div>\n\t\t\t\t<\/div>\n\t\t\t\t<div class=\"elementor-element elementor-element-271e532 elementor-widget-divider--view-line elementor-widget elementor-widget-divider\" data-id=\"271e532\" data-element_type=\"widget\" data-e-type=\"widget\" data-widget_type=\"divider.default\">\n\t\t\t\t<div class=\"elementor-widget-container\">\n\t\t\t\t\t\t\t<div class=\"elementor-divider\">\n\t\t\t<span class=\"elementor-divider-separator\">\n\t\t\t\t\t\t<\/span>\n\t\t<\/div>\n\t\t\t\t\t\t<\/div>\n\t\t\t\t<\/div>\n\t\t\t\t<div class=\"elementor-element elementor-element-914cfc2 elementor-widget elementor-widget-text-editor\" data-id=\"914cfc2\" data-element_type=\"widget\" data-e-type=\"widget\" data-widget_type=\"text-editor.default\">\n\t\t\t\t<div class=\"elementor-widget-container\">\n\t\t\t\t\t\t\t\t\t<h2><strong><em>2\u00ba CIERRE DE INSCRIPCIONES: <span style=\"text-decoration: underline; color: #ff0000;\">Mi\u00e9rcoles, 17 de JULIO del 2024 a las 14:00.<\/span><\/em><\/strong><\/h2>\t\t\t\t\t\t\t\t<\/div>\n\t\t\t\t<\/div>\n\t\t\t\t<div class=\"elementor-element elementor-element-1c52293 elementor-widget elementor-widget-text-editor\" data-id=\"1c52293\" data-element_type=\"widget\" data-e-type=\"widget\" data-widget_type=\"text-editor.default\">\n\t\t\t\t<div class=\"elementor-widget-container\">\n\t\t\t\t\t\t\t\t\t<p style=\"text-align: left;\"><strong>Los derechos de inscripci\u00f3n se fijan en:<\/strong><\/p><p style=\"text-align: left;\"><strong>330 \u20ac &#8211; Segunda fecha de cierre de inscripciones <\/strong><br \/><strong>660 \u20ac &#8211; Los derechos ser\u00e1n dobles, si no acepta la publicidad.<\/strong><\/p><p style=\"text-align: left;\">\u00a0<\/p><p style=\"text-align: left;\"><strong>Veh\u00edculos de Regularidad:<\/strong><\/p><p style=\"text-align: left;\"><b><\/b><strong>140 \u20ac &#8211; Con la publicidad propuesta por el Organizador. <\/strong><br \/><strong>280 \u20ac &#8211; Si no acepta la publicidad, los derechos ser\u00e1n dobles.<\/strong><\/p>\t\t\t\t\t\t\t\t<\/div>\n\t\t\t\t<\/div>\n\t\t\t\t<div class=\"elementor-element elementor-element-e3d1eb3 elementor-widget-divider--view-line elementor-widget elementor-widget-divider\" data-id=\"e3d1eb3\" data-element_type=\"widget\" data-e-type=\"widget\" data-widget_type=\"divider.default\">\n\t\t\t\t<div class=\"elementor-widget-container\">\n\t\t\t\t\t\t\t<div class=\"elementor-divider\">\n\t\t\t<span class=\"elementor-divider-separator\">\n\t\t\t\t\t\t<\/span>\n\t\t<\/div>\n\t\t\t\t\t\t<\/div>\n\t\t\t\t<\/div>\n\t\t\t\t<div class=\"elementor-element elementor-element-8a3503a elementor-widget elementor-widget-text-editor\" data-id=\"8a3503a\" data-element_type=\"widget\" data-e-type=\"widget\" data-widget_type=\"text-editor.default\">\n\t\t\t\t<div class=\"elementor-widget-container\">\n\t\t\t\t\t\t\t\t\t<p style=\"text-align: left;\"><b>Otros derechos:<\/b><\/p>\t\t\t\t\t\t\t\t<\/div>\n\t\t\t\t<\/div>\n\t\t\t\t<div class=\"elementor-element elementor-element-b6a3805 elementor-widget elementor-widget-text-editor\" data-id=\"b6a3805\" data-element_type=\"widget\" data-e-type=\"widget\" data-widget_type=\"text-editor.default\">\n\t\t\t\t<div class=\"elementor-widget-container\">\n\t\t\t\t\t\t\t\t\t<p style=\"text-align: left;\"><strong>250 \u20ac &#8211; Piloto Prioritario RFEDA\u00a0<\/strong><br \/><strong>100 \u20ac &#8211; Placas de asistencia adicionales.<\/strong><\/p><p style=\"text-align: left;\"><strong>La solicitud de prioridad debe realizarse antes de la fecha del primer cierre de inscripciones<\/strong><\/p>\t\t\t\t\t\t\t\t<\/div>\n\t\t\t\t<\/div>\n\t\t\t\t<div class=\"elementor-element elementor-element-af9e49c elementor-widget-divider--view-line elementor-widget elementor-widget-divider\" data-id=\"af9e49c\" data-element_type=\"widget\" data-e-type=\"widget\" data-widget_type=\"divider.default\">\n\t\t\t\t<div class=\"elementor-widget-container\">\n\t\t\t\t\t\t\t<div class=\"elementor-divider\">\n\t\t\t<span class=\"elementor-divider-separator\">\n\t\t\t\t\t\t<\/span>\n\t\t<\/div>\n\t\t\t\t\t\t<\/div>\n\t\t\t\t<\/div>\n\t\t\t\t<div class=\"elementor-element elementor-element-a1064b6 elementor-widget elementor-widget-text-editor\" data-id=\"a1064b6\" data-element_type=\"widget\" data-e-type=\"widget\" data-widget_type=\"text-editor.default\">\n\t\t\t\t<div class=\"elementor-widget-container\">\n\t\t\t\t\t\t\t\t\t<p><strong>Los participantes deber\u00e1n acceder al siguiente enlace para formalizar las inscripciones:<\/strong><\/p><p><a href=\"https:\/\/www.RFEDA.es\/inscripcion\/c\/0\/i\/61478475\/cem\">\u00a0https:\/\/www.rfeda.es\/inscripcion\/c\/0\/i\/61478475\/cem<\/a><\/p><p>El pago de los derechos de inscripci\u00f3n debe ser realizado<strong> \u00fanicamente a trav\u00e9s de la plataforma digital oficial de la RFEDA <\/strong>en la web oficial de la carrera y de la <strong>RFEDA<\/strong><\/p>\t\t\t\t\t\t\t\t<\/div>\n\t\t\t\t<\/div>\n\t\t\t\t<div class=\"elementor-element elementor-element-f88feeb elementor-widget-divider--view-line elementor-widget elementor-widget-divider\" data-id=\"f88feeb\" data-element_type=\"widget\" data-e-type=\"widget\" data-widget_type=\"divider.default\">\n\t\t\t\t<div class=\"elementor-widget-container\">\n\t\t\t\t\t\t\t<div class=\"elementor-divider\">\n\t\t\t<span class=\"elementor-divider-separator\">\n\t\t\t\t\t\t<\/span>\n\t\t<\/div>\n\t\t\t\t\t\t<\/div>\n\t\t\t\t<\/div>\n\t\t\t\t<div class=\"elementor-element elementor-element-706868b elementor-widget elementor-widget-text-editor\" data-id=\"706868b\" data-element_type=\"widget\" data-e-type=\"widget\" data-widget_type=\"text-editor.default\">\n\t\t\t\t<div class=\"elementor-widget-container\">\n\t\t\t\t\t\t\t\t\t<p style=\"text-align: center;\"><span style=\"color: #ff0000;\"><b>NOTA IMPORTANTE:<\/b><\/span><\/p><p style=\"text-align: center;\"><span style=\"color: #ff0000;\">PARA PARTICIPAR EN LA 50\u00ba SUBIDA A CHANTADA, TANTO EN EL CAMPEONATO DE ESPA\u00d1A DE MONTA\u00d1A, COMO EN EL TROFEO PATATAS FRITAS JALYS, ES OBLIGATORIO ESTAR EN POSESI\u00d3N DE LA LICENCIA DE PILOTO O PERMISO DE PARTICIPACI\u00d3N, AS\u00cd COMO DISPONER DE UNA COPIA DE LICENCIA DE ESCUDER\u00cdA, EXPEDIDAS POR LA REAL FEDERACI\u00d3N ESPA\u00d1OLA DE AUTOMOVILISMO.<\/span><\/p>\t\t\t\t\t\t\t\t<\/div>\n\t\t\t\t<\/div>\n\t\t\t\t<div class=\"elementor-element elementor-element-1fd94dd elementor-widget-divider--view-line elementor-widget elementor-widget-divider\" data-id=\"1fd94dd\" data-element_type=\"widget\" data-e-type=\"widget\" data-widget_type=\"divider.default\">\n\t\t\t\t<div class=\"elementor-widget-container\">\n\t\t\t\t\t\t\t<div class=\"elementor-divider\">\n\t\t\t<span class=\"elementor-divider-separator\">\n\t\t\t\t\t\t<\/span>\n\t\t<\/div>\n\t\t\t\t\t\t<\/div>\n\t\t\t\t<\/div>\n\t\t\t\t<div class=\"elementor-element elementor-element-951c103 elementor-widget elementor-widget-text-editor\" data-id=\"951c103\" data-element_type=\"widget\" data-e-type=\"widget\" data-widget_type=\"text-editor.default\">\n\t\t\t\t<div class=\"elementor-widget-container\">\n\t\t\t\t\t\t\t\t\t<p><strong>Ayuda econ\u00f3mica para pilotos gallegos por parte de la FGA:<\/strong><\/p><p><a href=\"https:\/\/www.fga.es\/a-fga-axudara-economicamente-aos-pilotos-e-copilotos-que-participen-en-probas-nacionais-en-galicia\/\">https:\/\/www.fga.es\/a-fga-axudara-economicamente-aos-pilotos-e-copilotos-que-participen-en-probas-nacionais-en-galicia\/<\/a><\/p>\t\t\t\t\t\t\t\t<\/div>\n\t\t\t\t<\/div>\n\t\t\t\t<div class=\"elementor-element elementor-element-f972ce0 elementor-widget-divider--view-line elementor-widget elementor-widget-divider\" data-id=\"f972ce0\" data-element_type=\"widget\" data-e-type=\"widget\" data-widget_type=\"divider.default\">\n\t\t\t\t<div class=\"elementor-widget-container\">\n\t\t\t\t\t\t\t<div class=\"elementor-divider\">\n\t\t\t<span class=\"elementor-divider-separator\">\n\t\t\t\t\t\t<\/span>\n\t\t<\/div>\n\t\t\t\t\t\t<\/div>\n\t\t\t\t<\/div>\n\t\t\t\t<div class=\"elementor-element elementor-element-61215c1 elementor-widget elementor-widget-text-editor\" data-id=\"61215c1\" data-element_type=\"widget\" data-e-type=\"widget\" data-widget_type=\"text-editor.default\">\n\t\t\t\t<div class=\"elementor-widget-container\">\n\t\t\t\t\t\t\t\t\t<p style=\"font-weight: 400;\"><span style=\"text-decoration: underline;\"><strong>Para cualquier duda o informaci\u00f3n, contactar con:<\/strong><\/span><\/p><p><strong>Jos\u00e9 Alonso Liste<\/strong><\/p><p><strong>Tel\u00e9fono: 627303754<\/strong><\/p><p style=\"font-weight: 400;\">Quedamos a vuestra disposici\u00f3n para cualquier duda o aclaraci\u00f3n.<\/p><p style=\"font-weight: 400;\">Un saludo.<\/p>\t\t\t\t\t\t\t\t<\/div>\n\t\t\t\t<\/div>\n\t\t\t\t\t<\/div>\n\t\t<\/div>\n\t\t\t\t\t<\/div>\n\t\t<\/section>\n\t\t\t\t<\/div>\n\t\t","protected":false},"excerpt":{"rendered":"<p>INSCRIPCION50\u00ba SUBIDA A CHANTADA &#8211;26, 27 Y 28 DE JULIO DE 2024 1\u00ba CIERRE DE INSCRIPCIONES: VIERNES, 12 de JULIO del 2024. Los derechos de inscripci\u00f3n se fijan en: 300 \u20ac &#8211; Primera fecha de cierre de inscripciones 600 \u20ac &#8211; Los derechos ser\u00e1n dobles, si no acepta la publicidad. 2\u00ba CIERRE DE INSCRIPCIONES: Mi\u00e9rcoles,&hellip;&nbsp;<a href=\"https:\/\/www.escuderiachantada.com\/?p=2305\" rel=\"bookmark\">Leer m\u00e1s &raquo;<span class=\"screen-reader-text\">Inscripci\u00f3n 50 Subida a Chantada &#8211; 2024<\/span><\/a><\/p>\n","protected":false},"author":1,"featured_media":346,"comment_status":"closed","ping_status":"open","sticky":false,"template":"","format":"standard","meta":{"neve_meta_sidebar":"","neve_meta_container":"","neve_meta_enable_content_width":"","neve_meta_content_width":70,"neve_meta_title_alignment":"","neve_meta_author_avatar":"","neve_post_elements_order":"","neve_meta_disable_header":"","neve_meta_disable_footer":"","neve_meta_disable_title":"","_themeisle_gutenberg_block_has_review":false,"footnotes":""},"categories":[8],"tags":[],"class_list":["post-2305","post","type-post","status-publish","format-standard","has-post-thumbnail","hentry","category-reglamento"],"_links":{"self":[{"href":"https:\/\/www.escuderiachantada.com\/index.php?rest_route=\/wp\/v2\/posts\/2305","targetHints":{"allow":["GET"]}}],"collection":[{"href":"https:\/\/www.escuderiachantada.com\/index.php?rest_route=\/wp\/v2\/posts"}],"about":[{"href":"https:\/\/www.escuderiachantada.com\/index.php?rest_route=\/wp\/v2\/types\/post"}],"author":[{"embeddable":true,"href":"https:\/\/www.escuderiachantada.com\/index.php?rest_route=\/wp\/v2\/users\/1"}],"replies":[{"embeddable":true,"href":"https:\/\/www.escuderiachantada.com\/index.php?rest_route=%2Fwp%2Fv2%2Fcomments&post=2305"}],"version-history":[{"count":37,"href":"https:\/\/www.escuderiachantada.com\/index.php?rest_route=\/wp\/v2\/posts\/2305\/revisions"}],"predecessor-version":[{"id":2485,"href":"https:\/\/www.escuderiachantada.com\/index.php?rest_route=\/wp\/v2\/posts\/2305\/revisions\/2485"}],"wp:featuredmedia":[{"embeddable":true,"href":"https:\/\/www.escuderiachantada.com\/index.php?rest_route=\/wp\/v2\/media\/346"}],"wp:attachment":[{"href":"https:\/\/www.escuderiachantada.com\/index.php?rest_route=%2Fwp%2Fv2%2Fmedia&parent=2305"}],"wp:term":[{"taxonomy":"category","embeddable":true,"href":"https:\/\/www.escuderiachantada.com\/index.php?rest_route=%2Fwp%2Fv2%2Fcategories&post=2305"},{"taxonomy":"post_tag","embeddable":true,"href":"https:\/\/www.escuderiachantada.com\/index.php?rest_route=%2Fwp%2Fv2%2Ftags&post=2305"}],"curies":[{"name":"wp","href":"https:\/\/api.w.org\/{rel}","templated":true}]}}